{"id":10043,"date":"2024-08-19T19:29:39","date_gmt":"2024-08-19T22:29:39","guid":{"rendered":"https:\/\/enlamira.info\/?p=10043"},"modified":"2024-08-19T19:45:43","modified_gmt":"2024-08-19T22:45:43","slug":"la-revelacion-de-fabiola-yanez-que-podria-darle-un-giro-a-la-denuncia-contra-alberto-fernandez","status":"publish","type":"post","link":"https:\/\/enlamira.info\/index.php\/2024\/08\/19\/la-revelacion-de-fabiola-yanez-que-podria-darle-un-giro-a-la-denuncia-contra-alberto-fernandez\/","title":{"rendered":"La revelaci\u00f3n de Fabiola Y\u00e1\u00f1ez que podr\u00eda darle un giro a la denuncia contra Alberto Fern\u00e1ndez"},"content":{"rendered":"\n<p>Las abogadas de la ex primera dama aportaron datos que pueden ser claves para la investigaci\u00f3n.<\/p>\n\n\n\n<p>El desarrollo de la causa por\u00a0violencia de g\u00e9nero\u00a0contra Alberto Fern\u00e1ndez podr\u00eda dar un giro significativo tras la reciente confirmaci\u00f3n del horario de la \u00faltima llamada entre el ex presidente y Fabiola Y\u00e1\u00f1ez. Seg\u00fan las abogadas de la ex primera dama, la comunicaci\u00f3n se produjo el 6 de agosto a las 17:09,\u00a0dos horas antes de que\u00a0Fern\u00e1ndez\u00a0fuera notificado de la orden judicial que le prohib\u00eda todo tipo de contacto con la denunciante. Esta revelaci\u00f3n podr\u00eda desmontar la acusaci\u00f3n de hostigamiento que justific\u00f3 el allanamiento y secuestro del tel\u00e9fono de Fern\u00e1ndez.<\/p>\n\n\n\n<p>El 6 de agosto, Y\u00e1\u00f1ez hab\u00eda llamado al juzgado desde Madrid para activar su denuncia penal, lo que llev\u00f3 al juez Juli\u00e1n Ercolini a emitir una orden\u00a0prohibiendo a Fern\u00e1ndez cualquier contacto con ella. Sin embargo, la notificaci\u00f3n de esta orden se realiz\u00f3 a las 19:45 en el domicilio del ex presidente en Puerto Madero, dos horas despu\u00e9s de la \u00faltima llamada registrada entre ambos.<\/p>\n\n\n\n<p>La orden de allanamiento y el secuestro de los dispositivos electr\u00f3nicos de Fern\u00e1ndez, ejecutada el 9 de agosto,\u00a0se basaron en el supuesto hostigamiento telef\u00f3nico, un argumento que ahora est\u00e1 en duda. La Polic\u00eda Federal confisc\u00f3 22 pendrives, dos tel\u00e9fonos, un iPad y dos memorias en ese operativo. Sin embargo, si se confirma que la \u00faltima llamada fue previa a la notificaci\u00f3n de la orden, no habr\u00eda fundamentos para sostener la acusaci\u00f3n de hostigamiento.<\/p>\n\n\n\n<p>El dato del horario de la \u00faltima llamada fue confirmado por las abogadas de Y\u00e1\u00f1ez en una presentaci\u00f3n firmada por Vilma Carluccio. En la misma, se detalla que\u00a0no hubo m\u00e1s comunicaciones desde el celular de Fern\u00e1ndez despu\u00e9s de las 17:09 del 6 de agosto. Esta informaci\u00f3n se present\u00f3 tras una\u00a0audiencia\u00a0celebrada el 12 de agosto, donde Y\u00e1\u00f1ez, desde Madrid, no pudo recordar la hora exacta de la \u00faltima llamada, pero posteriormente proporcion\u00f3 el detalle preciso.<\/p>\n\n\n\n<p>De confirmarse que no hubo hostigamiento,\u00a0el secuestro del tel\u00e9fono de Fern\u00e1ndez perder\u00eda su justificaci\u00f3n legal, lo que podr\u00eda llevar a la restituci\u00f3n de los dispositivos al ex presidente. Los aparatos secuestrados permanecen actualmente bajo custodia en la caja fuerte de la\u00a0Fiscal\u00eda.<\/p>\n","protected":false},"excerpt":{"rendered":"<p>Las abogadas de la ex primera dama aportaron datos que pueden ser claves para la investigaci\u00f3n. El desarrollo de la causa por\u00a0violencia de g\u00e9nero\u00a0contra Alberto Fern\u00e1ndez podr\u00eda dar un giro significativo tras la reciente confirmaci\u00f3n del horario de la \u00faltima llamada entre el ex presidente y Fabiola Y\u00e1\u00f1ez. Seg\u00fan las abogadas de la ex primera [&hellip;]<\/p>\n","protected":false},"author":2,"featured_media":10045,"comment_status":"open","ping_status":"open","sticky":false,"template":"","format":"standard","meta":{"footnotes":""},"categories":[20],"tags":[],"_links":{"self":[{"href":"https:\/\/enlamira.info\/index.php\/wp-json\/wp\/v2\/posts\/10043"}],"collection":[{"href":"https:\/\/enlamira.info\/index.php\/wp-json\/wp\/v2\/posts"}],"about":[{"href":"https:\/\/enlamira.info\/index.php\/wp-json\/wp\/v2\/types\/post"}],"author":[{"embeddable":true,"href":"https:\/\/enlamira.info\/index.php\/wp-json\/wp\/v2\/users\/2"}],"replies":[{"embeddable":true,"href":"https:\/\/enlamira.info\/index.php\/wp-json\/wp\/v2\/comments?post=10043"}],"version-history":[{"count":1,"href":"https:\/\/enlamira.info\/index.php\/wp-json\/wp\/v2\/posts\/10043\/revisions"}],"predecessor-version":[{"id":10044,"href":"https:\/\/enlamira.info\/index.php\/wp-json\/wp\/v2\/posts\/10043\/revisions\/10044"}],"wp:featuredmedia":[{"embeddable":true,"href":"https:\/\/enlamira.info\/index.php\/wp-json\/wp\/v2\/media\/10045"}],"wp:attachment":[{"href":"https:\/\/enlamira.info\/index.php\/wp-json\/wp\/v2\/media?parent=10043"}],"wp:term":[{"taxonomy":"category","embeddable":true,"href":"https:\/\/enlamira.info\/index.php\/wp-json\/wp\/v2\/categories?post=10043"},{"taxonomy":"post_tag","embeddable":true,"href":"https:\/\/enlamira.info\/index.php\/wp-json\/wp\/v2\/tags?post=10043"}],"curies":[{"name":"wp","href":"https:\/\/api.w.org\/{rel}","templated":true}]}}