{"id":10012,"date":"2024-08-18T17:41:45","date_gmt":"2024-08-18T20:41:45","guid":{"rendered":"https:\/\/enlamira.info\/?p=10012"},"modified":"2024-08-18T17:59:25","modified_gmt":"2024-08-18T20:59:25","slug":"francos-aseguro-que-villarruel-tenia-invitacion-al-acto-de-las-fuerzas-armadas","status":"publish","type":"post","link":"https:\/\/enlamira.info\/index.php\/2024\/08\/18\/francos-aseguro-que-villarruel-tenia-invitacion-al-acto-de-las-fuerzas-armadas\/","title":{"rendered":"Francos asegur\u00f3 que Villarruel ten\u00eda invitaci\u00f3n al acto de las Fuerzas Armadas"},"content":{"rendered":"\n<p>El jefe de Gabinete neg\u00f3 conflictos entre los compa\u00f1eros de la f\u00f3rmula presidencial tras el reciente acto militar. A su vez, afirm\u00f3 que la vicepresidenta hab\u00eda sido invitada al evento y minimiz\u00f3 cualquier discrepancia.<\/p>\n\n\n\n<p>El jefe de Gabinete,\u00a0Guillermo Francos, sali\u00f3 al cruce de los rumores sobre supuestas tensiones entre el presidente\u00a0Javier Milei\u00a0y su vicepresidenta,\u00a0Victoria Villarruel,\u00a0luego de que esta \u00faltima\u00a0no asistiera al acto oficial\u00a0de las Fuerzas Armadas realizado el pasado viernes.<\/p>\n\n\n\n<p>El funcionario libertario asegur\u00f3 que la vicepresidente estaba invitada\u00a0al evento\u00a0y rest\u00f3 importancia a las versiones de un posible distanciamiento entre los dos principales referentes de La Libertad Avanza.<\/p>\n\n\n\n<p>El acto, que tuvo lugar en el Edificio Libertador, sede del Ministerio de Defensa, fue encabezado por&nbsp;<strong>Milei<\/strong>, quien entreg\u00f3 despachos y sables a los nuevos generales, almirantes y brigadieres de las Fuerzas Armadas. La ausencia de Villarruel gener\u00f3 especulaciones, especialmente luego de que se conociera que ella habr\u00eda querido asistir.<\/p>\n\n\n\n<p>Sin embargo,\u00a0Francos\u00a0explic\u00f3: \u201cNo conozco el detalle, pero por lo que me coment\u00f3 el ministro de Defensa,\u00a0Victoria\u00a0estaba invitada. No hay nada extra\u00f1o aqu\u00ed, son las din\u00e1micas normales entre un presidente y su vice\u201d.<\/p>\n\n\n\n<p>Durante una entrevista en Radio Rivadavia, el jefe de Gabinete destac\u00f3 que, si bien puede haber diferencias de opini\u00f3n en algunos temas, la relaci\u00f3n entre\u00a0Milei\u00a0y\u00a0Villarruel\u00a0sigue siendo s\u00f3lida y se basa en acuerdos fundamentales. \u201cAmbos tienen roles institucionales diferentes y es natural que en algunos puntos no coincidan plenamente\u201d, dijo el libertario, intentando poner fin a las especulaciones.<\/p>\n\n\n\n<p>Adem\u00e1s, el funcionario se refiri\u00f3 al pol\u00e9mico video donde la periodista\u00a0Tamara Pettinato\u00a0aparece en el sill\u00f3n de Rivadavia junto al expresidente Alberto Fern\u00e1ndez, calific\u00e1ndolo como una \u201cfalta de respeto total a las instituciones\u201d. Francos tambi\u00e9n critic\u00f3 duramente al exmandatario, describi\u00e9ndolo como una persona con \u201cuna personalidad enferma\u201d que no estaba consciente de sus responsabilidades al frente del pa\u00eds.<\/p>\n\n\n\n<p>Francos tambi\u00e9n se pronunci\u00f3 sobre la posibilidad de un acercamiento entre La Libertad Avanza y el PRO de cara a las elecciones legislativas del pr\u00f3ximo a\u00f1o, se\u00f1alando que, aunque no se habla de una fusi\u00f3n, s\u00ed considera necesario trabajar juntos para lograr una mayor\u00eda parlamentaria. \u201cEl destino es que vayamos a una confluencia, no hablo de fusi\u00f3n, pero tenemos que proponerle a un electorado com\u00fan una respuesta pol\u00edtica\u201d, expres\u00f3.<\/p>\n\n\n\n<p>Por \u00faltimo, descart\u00f3 la posibilidad de que\u00a0Mauricio Macri\u00a0se postule como senador en las pr\u00f3ximas elecciones, afirmando que su rol es m\u00e1s el de un l\u00edder que acompa\u00f1a, no el de un candidato activo en el Parlamento.<\/p>\n","protected":false},"excerpt":{"rendered":"<p>El jefe de Gabinete neg\u00f3 conflictos entre los compa\u00f1eros de la f\u00f3rmula presidencial tras el reciente acto militar. A su vez, afirm\u00f3 que la vicepresidenta hab\u00eda sido invitada al evento y minimiz\u00f3 cualquier discrepancia. El jefe de Gabinete,\u00a0Guillermo Francos, sali\u00f3 al cruce de los rumores sobre supuestas tensiones entre el presidente\u00a0Javier Milei\u00a0y su vicepresidenta,\u00a0Victoria Villarruel,\u00a0luego [&hellip;]<\/p>\n","protected":false},"author":2,"featured_media":10015,"comment_status":"open","ping_status":"open","sticky":false,"template":"","format":"standard","meta":{"footnotes":""},"categories":[20],"tags":[],"_links":{"self":[{"href":"https:\/\/enlamira.info\/index.php\/wp-json\/wp\/v2\/posts\/10012"}],"collection":[{"href":"https:\/\/enlamira.info\/index.php\/wp-json\/wp\/v2\/posts"}],"about":[{"href":"https:\/\/enlamira.info\/index.php\/wp-json\/wp\/v2\/types\/post"}],"author":[{"embeddable":true,"href":"https:\/\/enlamira.info\/index.php\/wp-json\/wp\/v2\/users\/2"}],"replies":[{"embeddable":true,"href":"https:\/\/enlamira.info\/index.php\/wp-json\/wp\/v2\/comments?post=10012"}],"version-history":[{"count":1,"href":"https:\/\/enlamira.info\/index.php\/wp-json\/wp\/v2\/posts\/10012\/revisions"}],"predecessor-version":[{"id":10013,"href":"https:\/\/enlamira.info\/index.php\/wp-json\/wp\/v2\/posts\/10012\/revisions\/10013"}],"wp:featuredmedia":[{"embeddable":true,"href":"https:\/\/enlamira.info\/index.php\/wp-json\/wp\/v2\/media\/10015"}],"wp:attachment":[{"href":"https:\/\/enlamira.info\/index.php\/wp-json\/wp\/v2\/media?parent=10012"}],"wp:term":[{"taxonomy":"category","embeddable":true,"href":"https:\/\/enlamira.info\/index.php\/wp-json\/wp\/v2\/categories?post=10012"},{"taxonomy":"post_tag","embeddable":true,"href":"https:\/\/enlamira.info\/index.php\/wp-json\/wp\/v2\/tags?post=10012"}],"curies":[{"name":"wp","href":"https:\/\/api.w.org\/{rel}","templated":true}]}}