{"id":10000,"date":"2024-08-17T19:04:44","date_gmt":"2024-08-17T22:04:44","guid":{"rendered":"https:\/\/enlamira.info\/?p=10000"},"modified":"2024-08-17T19:18:42","modified_gmt":"2024-08-17T22:18:42","slug":"verguenza-es-poco-javier-milei-reacciono-al-nuevo-video-de-tamara-pettinato","status":"publish","type":"post","link":"https:\/\/enlamira.info\/index.php\/2024\/08\/17\/verguenza-es-poco-javier-milei-reacciono-al-nuevo-video-de-tamara-pettinato\/","title":{"rendered":"\u201cVerg\u00fcenza es poco\u201d: Javier Milei reaccion\u00f3 al nuevo video de Tamara Pettinato"},"content":{"rendered":"\n<p>El Presidente y el vocero Manuel Adorni criticaron a Alberto Fern\u00e1ndez por el material que se difundi\u00f3 junto a la periodista.<\/p>\n\n\n\n<p>El presidente Javier Milei expres\u00f3 su indignaci\u00f3n ante la filtraci\u00f3n de un\u00a0nuevo video\u00a0que muestra a\u00a0Tamara Pettinato sentada en el sill\u00f3n de Rivadavia, acompa\u00f1ada por el ex presidente Alberto\u00a0Fern\u00e1ndez. En su breve comentario en X, Milei calific\u00f3 la situaci\u00f3n como una\u00a0\u201cverg\u00fcenza\u201d\u00a0y critic\u00f3 la falta de respeto hacia la investidura presidencial, destacando la importancia de preservar la dignidad de las instituciones.<\/p>\n\n\n\n<p>El video en cuesti\u00f3n muestra a Pettinato y Fern\u00e1ndez en una conversaci\u00f3n de tono informal y bromista, lo que gener\u00f3 un fuerte rechazo en la opini\u00f3n p\u00fablica. Las im\u00e1genes se difundieron en medio del esc\u00e1ndalo desatado por la denuncia de Fabiola Ya\u00f1ez contra el ex mandatario, en la que la ex primera dama lo acusa de\u00a0violencia de g\u00e9nero y de enga\u00f1os constantes\u00a0con diversas mujeres.<\/p>\n\n\n\n<p>El\u00a0vocero\u00a0presidencial, Manuel Adorni, tambi\u00e9n se sum\u00f3 a las cr\u00edticas, afirmando que el video representa un insulto a la investidura presidencial y a la historia de la Rep\u00fablica Argentina. Adorni subray\u00f3 que la difusi\u00f3n de estas im\u00e1genes es una muestra m\u00e1s de la\u00a0falta de respeto que se vivi\u00f3 durante la administraci\u00f3n de Fern\u00e1ndez.<\/p>\n\n\n\n<figure class=\"wp-block-embed is-type-rich is-provider-twitter wp-block-embed-twitter\"><div class=\"wp-block-embed__wrapper\">\n<blockquote class=\"twitter-tweet\" data-width=\"550\" data-dnt=\"true\"><p lang=\"es\" dir=\"ltr\">La falta de respeto a las instituciones se ha dado a todo nivel. Se ha insultado la investidura presidencial y la historia de la Rep\u00fablica Argentina.<br><br>Verg\u00fcenza total.<br><br>Fin. <a href=\"https:\/\/t.co\/LdlMQqrVoC\">pic.twitter.com\/LdlMQqrVoC<\/a><\/p>&mdash; Manuel Adorni (@madorni) <a href=\"https:\/\/twitter.com\/madorni\/status\/1824844786882564560?ref_src=twsrc%5Etfw\">August 17, 2024<\/a><\/blockquote><script async src=\"https:\/\/platform.twitter.com\/widgets.js\" charset=\"utf-8\"><\/script>\n<\/div><\/figure>\n\n\n\n<p>Por su parte,\u00a0Tamara Pettinato decidi\u00f3 hablar\u00a0p\u00fablicamente\u00a0tras la difusi\u00f3n de los videos, enfrentando las acusaciones y rumores que circularon en su contra. La periodista utiliz\u00f3 su programa en streaming para desmentir las versiones que la vinculaban de manera inapropiada con el ex presidente y para defenderse de los ataques recibidos en redes sociales.<\/p>\n","protected":false},"excerpt":{"rendered":"<p>El Presidente y el vocero Manuel Adorni criticaron a Alberto Fern\u00e1ndez por el material que se difundi\u00f3 junto a la periodista. El presidente Javier Milei expres\u00f3 su indignaci\u00f3n ante la filtraci\u00f3n de un\u00a0nuevo video\u00a0que muestra a\u00a0Tamara Pettinato sentada en el sill\u00f3n de Rivadavia, acompa\u00f1ada por el ex presidente Alberto\u00a0Fern\u00e1ndez. En su breve comentario en X, [&hellip;]<\/p>\n","protected":false},"author":2,"featured_media":10002,"comment_status":"open","ping_status":"open","sticky":false,"template":"","format":"standard","meta":{"footnotes":""},"categories":[20],"tags":[],"_links":{"self":[{"href":"https:\/\/enlamira.info\/index.php\/wp-json\/wp\/v2\/posts\/10000"}],"collection":[{"href":"https:\/\/enlamira.info\/index.php\/wp-json\/wp\/v2\/posts"}],"about":[{"href":"https:\/\/enlamira.info\/index.php\/wp-json\/wp\/v2\/types\/post"}],"author":[{"embeddable":true,"href":"https:\/\/enlamira.info\/index.php\/wp-json\/wp\/v2\/users\/2"}],"replies":[{"embeddable":true,"href":"https:\/\/enlamira.info\/index.php\/wp-json\/wp\/v2\/comments?post=10000"}],"version-history":[{"count":1,"href":"https:\/\/enlamira.info\/index.php\/wp-json\/wp\/v2\/posts\/10000\/revisions"}],"predecessor-version":[{"id":10001,"href":"https:\/\/enlamira.info\/index.php\/wp-json\/wp\/v2\/posts\/10000\/revisions\/10001"}],"wp:featuredmedia":[{"embeddable":true,"href":"https:\/\/enlamira.info\/index.php\/wp-json\/wp\/v2\/media\/10002"}],"wp:attachment":[{"href":"https:\/\/enlamira.info\/index.php\/wp-json\/wp\/v2\/media?parent=10000"}],"wp:term":[{"taxonomy":"category","embeddable":true,"href":"https:\/\/enlamira.info\/index.php\/wp-json\/wp\/v2\/categories?post=10000"},{"taxonomy":"post_tag","embeddable":true,"href":"https:\/\/enlamira.info\/index.php\/wp-json\/wp\/v2\/tags?post=10000"}],"curies":[{"name":"wp","href":"https:\/\/api.w.org\/{rel}","templated":true}]}}